{"id":14989,"date":"2020-04-08T20:45:43","date_gmt":"2020-04-08T18:45:43","guid":{"rendered":"https:\/\/www.musikpics.at\/?p=14989"},"modified":"2020-05-11T21:43:36","modified_gmt":"2020-05-11T19:43:36","slug":"spitting-ibex-listen-to","status":"publish","type":"post","link":"https:\/\/www.musikpics.at\/?p=14989","title":{"rendered":"Spitting Ibex &#8211; Listen to:"},"content":{"rendered":"\n<p>Bis zumindest Ende Juni keine Veranstaltungen. Keine Live Konzerte. Das ist ein langer Zeitraum &#8230; F\u00fcr jene Musikerinnen und Musiker, die vor Kurzem Alben fertig gestellt haben und jetzt auf Tour w\u00e4ren oder Konzerte geplant h\u00e4tten, ist das besonders hart. Drum m\u00f6chten wir die Zeit und die M\u00f6glichkeit, die wir mit unserem Blog haben, n\u00fctzen und euch ein paar dieser Bands, die wir zum Teil bereits live geh\u00f6rt haben, vorstellen oder noch einmal Erinnerungen mit euch teilen.<\/p>\n\n\n\n<p>Den Beginn machen wir heute mit <a href=\"https:\/\/www.spittingibex.com\" target=\"_blank\" rel=\"noreferrer noopener\">Spitting Ibex<\/a>.<br>Das erste Mal aufgefallen sind sie uns beim Donaukanaltreiben 2019. Eigentlich waren wir nur zuf\u00e4llig dort, und dann sind wir geblieben, bis zum Schluss nat\u00fcrlich. Gro\u00dfartige Musiker und eine tolle Frontfrau haben uns in ihren Bann gezogen. Das Wetter war perfekt, die Musik war gro\u00dfartig, und die Show hat gezeigt, wie gern sie gemeinsam Musik machen, wie viel ihnen an diesem gemeinsamen Projekt liegt.<\/p>\n\n\n\n<figure class=\"wp-block-image size-large\"><a href=\"https:\/\/www.musikpics.at\/?p=13384\" target=\"_blank\" rel=\"noopener noreferrer\"><img loading=\"lazy\" decoding=\"async\" width=\"1024\" height=\"1024\" src=\"https:\/\/www.musikpics.at\/wp-content\/uploads\/2020\/04\/RL_DSC04511-1024x1024.jpg\" alt=\"Zu den Fotos.\" class=\"wp-image-14990\" title=\"Zu den Fotos.\" srcset=\"https:\/\/www.musikpics.at\/wp-content\/uploads\/2020\/04\/RL_DSC04511-1024x1024.jpg 1024w, https:\/\/www.musikpics.at\/wp-content\/uploads\/2020\/04\/RL_DSC04511-300x300.jpg 300w, https:\/\/www.musikpics.at\/wp-content\/uploads\/2020\/04\/RL_DSC04511-150x150.jpg 150w, https:\/\/www.musikpics.at\/wp-content\/uploads\/2020\/04\/RL_DSC04511-768x768.jpg 768w, https:\/\/www.musikpics.at\/wp-content\/uploads\/2020\/04\/RL_DSC04511-820x820.jpg 820w, https:\/\/www.musikpics.at\/wp-content\/uploads\/2020\/04\/RL_DSC04511.jpg 1200w\" sizes=\"auto, (max-width: 1024px) 100vw, 1024px\" \/><\/a><\/figure>\n\n\n\n<p><\/p>\n\n\n\n<hr class=\"wp-block-separator\"\/>\n\n\n\n<p>Am 24. J\u00e4nner 2020 haben sie ihr Album im ausverkauften Porgy &amp; Bess pr\u00e4sentiert. Und wie! Wir waren begeistert!<\/p>\n\n\n\n<figure class=\"wp-block-image size-large\"><a href=\"https:\/\/www.musikpics.at\/?p=14821\" target=\"_blank\" rel=\"noopener noreferrer\"><img loading=\"lazy\" decoding=\"async\" width=\"1024\" height=\"683\" src=\"https:\/\/www.musikpics.at\/wp-content\/uploads\/2020\/04\/Robert-Lettner-Photography-DSC01164-1024x683.jpg\" alt=\"\" class=\"wp-image-14991\" title=\"Zu den Fotos.\" srcset=\"https:\/\/www.musikpics.at\/wp-content\/uploads\/2020\/04\/Robert-Lettner-Photography-DSC01164-1024x683.jpg 1024w, https:\/\/www.musikpics.at\/wp-content\/uploads\/2020\/04\/Robert-Lettner-Photography-DSC01164-300x200.jpg 300w, https:\/\/www.musikpics.at\/wp-content\/uploads\/2020\/04\/Robert-Lettner-Photography-DSC01164-768x512.jpg 768w, https:\/\/www.musikpics.at\/wp-content\/uploads\/2020\/04\/Robert-Lettner-Photography-DSC01164-600x400.jpg 600w, https:\/\/www.musikpics.at\/wp-content\/uploads\/2020\/04\/Robert-Lettner-Photography-DSC01164-820x547.jpg 820w, https:\/\/www.musikpics.at\/wp-content\/uploads\/2020\/04\/Robert-Lettner-Photography-DSC01164.jpg 1200w\" sizes=\"auto, (max-width: 1024px) 100vw, 1024px\" \/><\/a><\/figure>\n\n\n\n<p>Gestern h\u00e4tten sie als Support f\u00fcr Tank &amp; the Bangas im Wiener Flex gespielt. Leider abgesagt.<br>Aber zumindest das Album gibt es auf allen Streaming Plattformen. Und nat\u00fcrlich auch als CD und als Vinyl. Wir empfehlen dringend: H\u00f6rt es euch an!<\/p>\n\n\n\n<p>Auch wenn es wohl noch ein wenig dauern wird, bis ihr sie live sehen k\u00f6nnt, verpassen solltet ihr sie dann auf keinen Fall! <img decoding=\"async\" alt=\"\ud83d\ude09\" src=\"https:\/\/static.xx.fbcdn.net\/images\/emoji.php\/v9\/t57\/1\/16\/1f609.png\"><\/p>\n\n\n\n<p>Mehr \u00fcber Spitting Ibex und ihre Musik findet ihr auf ihrer <a href=\"https:\/\/www.spittingibex.com\" target=\"_blank\" rel=\"noreferrer noopener\">Website<\/a>.<\/p>\n<div class=\"fcbkbttn_buttons_block\" id=\"fcbkbttn_left\"><div class=\"fcbkbttn_like fcbkbttn_large_button\"><fb:like href=\"https:\/\/www.musikpics.at\/?p=14989\" action=\"like\" colorscheme=\"light\" layout=\"standard\"  width=\"225px\" size=\"large\"><\/fb:like><\/div><\/div>","protected":false},"excerpt":{"rendered":"<p>Bis zumindest Ende Juni keine Veranstaltungen. Keine Live Konzerte. Das [&hellip;]<\/p>\n","protected":false},"author":3,"featured_media":14992,"comment_status":"open","ping_status":"open","sticky":false,"template":"","format":"standard","meta":{"ngg_post_thumbnail":0,"_jetpack_memberships_contains_paid_content":false,"footnotes":""},"categories":[1,451,6],"tags":[457,386],"class_list":["post-14989","post","type-post","status-publish","format-standard","has-post-thumbnail","hentry","category-allgemein","category-empfehlung","category-welike","tag-listen-to","tag-spitting-ibex"],"jetpack_featured_media_url":"https:\/\/www.musikpics.at\/wp-content\/uploads\/2020\/04\/Robert-Lettner-Photography-DSC01077.jpg","jetpack_sharing_enabled":true,"_links":{"self":[{"href":"https:\/\/www.musikpics.at\/index.php?rest_route=\/wp\/v2\/posts\/14989","targetHints":{"allow":["GET"]}}],"collection":[{"href":"https:\/\/www.musikpics.at\/index.php?rest_route=\/wp\/v2\/posts"}],"about":[{"href":"https:\/\/www.musikpics.at\/index.php?rest_route=\/wp\/v2\/types\/post"}],"author":[{"embeddable":true,"href":"https:\/\/www.musikpics.at\/index.php?rest_route=\/wp\/v2\/users\/3"}],"replies":[{"embeddable":true,"href":"https:\/\/www.musikpics.at\/index.php?rest_route=%2Fwp%2Fv2%2Fcomments&post=14989"}],"version-history":[{"count":10,"href":"https:\/\/www.musikpics.at\/index.php?rest_route=\/wp\/v2\/posts\/14989\/revisions"}],"predecessor-version":[{"id":15002,"href":"https:\/\/www.musikpics.at\/index.php?rest_route=\/wp\/v2\/posts\/14989\/revisions\/15002"}],"wp:featuredmedia":[{"embeddable":true,"href":"https:\/\/www.musikpics.at\/index.php?rest_route=\/wp\/v2\/media\/14992"}],"wp:attachment":[{"href":"https:\/\/www.musikpics.at\/index.php?rest_route=%2Fwp%2Fv2%2Fmedia&parent=14989"}],"wp:term":[{"taxonomy":"category","embeddable":true,"href":"https:\/\/www.musikpics.at\/index.php?rest_route=%2Fwp%2Fv2%2Fcategories&post=14989"},{"taxonomy":"post_tag","embeddable":true,"href":"https:\/\/www.musikpics.at\/index.php?rest_route=%2Fwp%2Fv2%2Ftags&post=14989"}],"curies":[{"name":"wp","href":"https:\/\/api.w.org\/{rel}","templated":true}]}}