{"id":15321,"date":"2021-07-03T19:35:13","date_gmt":"2021-07-03T17:35:13","guid":{"rendered":"https:\/\/www.musikpics.at\/?p=15321"},"modified":"2021-07-03T19:35:14","modified_gmt":"2021-07-03T17:35:14","slug":"wenns-am-schoensten-ist","status":"publish","type":"post","link":"https:\/\/www.musikpics.at\/?p=15321","title":{"rendered":"Wenn&#8217;s am Sch\u00f6nsten ist&#8230;"},"content":{"rendered":"\n<p>&#8230; kann man durchaus auch ans Aufh\u00f6ren denken. Acht Jahre lang haben wir jetzt einen Teil der \u00f6sterreichischen Musikszene und auch ein paar internationale Acts auf Konzerten verfolgt und versucht, einen Beitrag dazu zu leisten, diese sichtbar zu machen. Das hat sehr viel Spa\u00df gemacht, aber auch sehr viel Zeit in Anspruch genommen. \u00dcber vierhundert Konzerte haben wir seither besucht und unz\u00e4hlige Fotos gemacht. Wir hoffen, manche haben euch Freude gemacht und Eindr\u00fccke von den Konzerten vermittelt. Jetzt werden wir zwar sicher nicht aufh\u00f6ren Konzerte zu besuchen, uns dann aber wieder vorrangig auf&#8217;s Zuh\u00f6ren konzentrieren \ud83d\ude09.<\/p>\n\n\n\n<p>Einen gro\u00dfen Dank an alle K\u00fcnstlerinnen und K\u00fcnstler, Venues und Veranstalter, dass wir bei den Konzerten fotografieren konnten! Das war mit wenigen Ausnahmen immer sehr unkompliziert m\u00f6glich.<\/p>\n\n\n\n<p>So, was bleibt noch zu sagen? <\/p>\n\n\n\n<p>Musik und Fotos machen uns ja noch immer viel Freude. Das hei\u00dft, das eine oder andere Konzertfoto werden wir sicher auch in Zukunft teilen.<br>UND &#8211; falls Ihr von einem speziellen Konzertabend, einer Studiosession, einem Videodreh o.\u00e4. Fotos m\u00f6chtet: Wir freuen uns sehr, wenn wir etwas beitragen k\u00f6nnen. Also gerne anfragen.<\/p>\n\n\n\n<p>See you soon!!<\/p>\n<div class=\"fcbkbttn_buttons_block\" id=\"fcbkbttn_left\"><div class=\"fcbkbttn_like fcbkbttn_large_button\"><fb:like href=\"https:\/\/www.musikpics.at\/?p=15321\" action=\"like\" colorscheme=\"light\" layout=\"standard\"  width=\"225px\" size=\"large\"><\/fb:like><\/div><\/div>","protected":false},"excerpt":{"rendered":"<p>&#8230; kann man durchaus auch ans Aufh\u00f6ren denken. Acht Jahre [&hellip;]<\/p>\n","protected":false},"author":3,"featured_media":15326,"comment_status":"open","ping_status":"open","sticky":false,"template":"","format":"standard","meta":{"ngg_post_thumbnail":0,"_jetpack_memberships_contains_paid_content":false,"footnotes":""},"categories":[1],"tags":[],"class_list":["post-15321","post","type-post","status-publish","format-standard","has-post-thumbnail","hentry","category-allgemein"],"jetpack_featured_media_url":"https:\/\/www.musikpics.at\/wp-content\/uploads\/2021\/07\/Robert-Lettner-DSC08827-scaled.jpg","jetpack_sharing_enabled":true,"_links":{"self":[{"href":"https:\/\/www.musikpics.at\/index.php?rest_route=\/wp\/v2\/posts\/15321","targetHints":{"allow":["GET"]}}],"collection":[{"href":"https:\/\/www.musikpics.at\/index.php?rest_route=\/wp\/v2\/posts"}],"about":[{"href":"https:\/\/www.musikpics.at\/index.php?rest_route=\/wp\/v2\/types\/post"}],"author":[{"embeddable":true,"href":"https:\/\/www.musikpics.at\/index.php?rest_route=\/wp\/v2\/users\/3"}],"replies":[{"embeddable":true,"href":"https:\/\/www.musikpics.at\/index.php?rest_route=%2Fwp%2Fv2%2Fcomments&post=15321"}],"version-history":[{"count":4,"href":"https:\/\/www.musikpics.at\/index.php?rest_route=\/wp\/v2\/posts\/15321\/revisions"}],"predecessor-version":[{"id":15325,"href":"https:\/\/www.musikpics.at\/index.php?rest_route=\/wp\/v2\/posts\/15321\/revisions\/15325"}],"wp:featuredmedia":[{"embeddable":true,"href":"https:\/\/www.musikpics.at\/index.php?rest_route=\/wp\/v2\/media\/15326"}],"wp:attachment":[{"href":"https:\/\/www.musikpics.at\/index.php?rest_route=%2Fwp%2Fv2%2Fmedia&parent=15321"}],"wp:term":[{"taxonomy":"category","embeddable":true,"href":"https:\/\/www.musikpics.at\/index.php?rest_route=%2Fwp%2Fv2%2Fcategories&post=15321"},{"taxonomy":"post_tag","embeddable":true,"href":"https:\/\/www.musikpics.at\/index.php?rest_route=%2Fwp%2Fv2%2Ftags&post=15321"}],"curies":[{"name":"wp","href":"https:\/\/api.w.org\/{rel}","templated":true}]}}