{"id":5164,"date":"2016-05-30T20:53:29","date_gmt":"2016-05-30T18:53:29","guid":{"rendered":"http:\/\/www.musikpics.at\/?p=5164"},"modified":"2016-05-30T22:18:29","modified_gmt":"2016-05-30T20:18:29","slug":"martin-klein","status":"publish","type":"post","link":"https:\/\/www.musikpics.at\/?p=5164","title":{"rendered":"Martin Klein"},"content":{"rendered":"<p><a href=\"http:\/\/www.martinklein.at\" target=\"_blank\">Martin Klein<\/a> beim Donaukanaltreiben 2016 | Summerstage, 29.5.2016<\/p>\n<p>Die B\u00fchne auf der Summerstage ist wahrlich\u00a0kein einfacher Platz f\u00fcr Konzerte. Die leiseren T\u00f6ne k\u00f6nnen da schon mal im Scheppern des Geschirrs untergehen. Martin Klein hat es jedenfalls\u00a0geschafft, mit einer Mischung aus Groove und lyrischen Texten das Publikum zu bannen und zu begeistern!<\/p>\n<p><!-- index.php -->\n<div\n\tclass=\"ngg-galleryoverview\n\t ngg-ajax-pagination-none\t\"\n\tid=\"ngg-gallery-1eee570d727ea86d4cb03ac0a69ac805-1\">\n\n\t\t<div class=\"slideshowlink\">\n\t\t<a href='https:\/\/www.musikpics.at\/index.php\/nggallery\/slideshow?p=5164'>[Show slideshow]<\/a>\n\n\t<\/div>\n\t\t\t<!-- Thumbnails -->\n\t\t\t\t<div id=\"ngg-image-0\" class=\"ngg-gallery-thumbnail-box\"\n\t\t\t\t\t\t\t\t\t\t\t>\n\t\t\t\t\t\t<div class=\"ngg-gallery-thumbnail\">\n\t\t\t<a href=\"https:\/\/www.musikpics.at\/wp-content\/gallery\/Martin-Klein%40Donaukanaltreiben\/pics_DSC06095.jpg\"\n\t\t\t\ttitle=\"\"\n\t\t\t\tdata-src=\"https:\/\/www.musikpics.at\/wp-content\/gallery\/Martin-Klein%40Donaukanaltreiben\/pics_DSC06095.jpg\"\n\t\t\t\tdata-thumbnail=\"https:\/\/www.musikpics.at\/wp-content\/gallery\/Martin-Klein%40Donaukanaltreiben\/thumbs\/thumbs_pics_DSC06095.jpg\"\n\t\t\t\tdata-image-id=\"1535\"\n\t\t\t\tdata-title=\"pics_DSC06095\"\n\t\t\t\tdata-description=\"\"\n\t\t\t\tdata-image-slug=\"pics_dsc06095\"\n\t\t\t\tclass=\"ngg-fancybox\" rel=\"1eee570d727ea86d4cb03ac0a69ac805\">\n\t\t\t\t<img\n\t\t\t\t\ttitle=\"pics_DSC06095\"\n\t\t\t\t\talt=\"pics_DSC06095\"\n\t\t\t\t\tsrc=\"https:\/\/www.musikpics.at\/wp-content\/gallery\/Martin-Klein%40Donaukanaltreiben\/cache\/pics_DSC06095.jpg-nggid041535-ngg0dyn-200x150x100-00f0w010c011r110f110r010t010.jpg\"\n\t\t\t\t\twidth=\"200\"\n\t\t\t\t\theight=\"150\"\n\t\t\t\t\tstyle=\"max-width:100%;\"\n\t\t\t\t\/>\n\t\t\t<\/a>\n\t\t<\/div>\n\t\t\t\t\t\t\t<\/div>\n\t\t\t\n\t\t\n\t\t\t\t<div id=\"ngg-image-1\" class=\"ngg-gallery-thumbnail-box\"\n\t\t\t\t\t\t\t\t\t\t\t>\n\t\t\t\t\t\t<div class=\"ngg-gallery-thumbnail\">\n\t\t\t<a href=\"https:\/\/www.musikpics.at\/wp-content\/gallery\/Martin-Klein%40Donaukanaltreiben\/pics_DSC06094.jpg\"\n\t\t\t\ttitle=\"\"\n\t\t\t\tdata-src=\"https:\/\/www.musikpics.at\/wp-content\/gallery\/Martin-Klein%40Donaukanaltreiben\/pics_DSC06094.jpg\"\n\t\t\t\tdata-thumbnail=\"https:\/\/www.musikpics.at\/wp-content\/gallery\/Martin-Klein%40Donaukanaltreiben\/thumbs\/thumbs_pics_DSC06094.jpg\"\n\t\t\t\tdata-image-id=\"1534\"\n\t\t\t\tdata-title=\"pics_DSC06094\"\n\t\t\t\tdata-description=\"\"\n\t\t\t\tdata-image-slug=\"pics_dsc06094\"\n\t\t\t\tclass=\"ngg-fancybox\" rel=\"1eee570d727ea86d4cb03ac0a69ac805\">\n\t\t\t\t<img\n\t\t\t\t\ttitle=\"pics_DSC06094\"\n\t\t\t\t\talt=\"pics_DSC06094\"\n\t\t\t\t\tsrc=\"https:\/\/www.musikpics.at\/wp-content\/gallery\/Martin-Klein%40Donaukanaltreiben\/cache\/pics_DSC06094.jpg-nggid041534-ngg0dyn-200x150x100-00f0w010c011r110f110r010t010.jpg\"\n\t\t\t\t\twidth=\"200\"\n\t\t\t\t\theight=\"150\"\n\t\t\t\t\tstyle=\"max-width:100%;\"\n\t\t\t\t\/>\n\t\t\t<\/a>\n\t\t<\/div>\n\t\t\t\t\t\t\t<\/div>\n\t\t\t\n\t\t\n\t\t\t\t<div id=\"ngg-image-2\" class=\"ngg-gallery-thumbnail-box\"\n\t\t\t\t\t\t\t\t\t\t\t>\n\t\t\t\t\t\t<div class=\"ngg-gallery-thumbnail\">\n\t\t\t<a href=\"https:\/\/www.musikpics.at\/wp-content\/gallery\/Martin-Klein%40Donaukanaltreiben\/pics_DSC06093.jpg\"\n\t\t\t\ttitle=\"\"\n\t\t\t\tdata-src=\"https:\/\/www.musikpics.at\/wp-content\/gallery\/Martin-Klein%40Donaukanaltreiben\/pics_DSC06093.jpg\"\n\t\t\t\tdata-thumbnail=\"https:\/\/www.musikpics.at\/wp-content\/gallery\/Martin-Klein%40Donaukanaltreiben\/thumbs\/thumbs_pics_DSC06093.jpg\"\n\t\t\t\tdata-image-id=\"1533\"\n\t\t\t\tdata-title=\"pics_DSC06093\"\n\t\t\t\tdata-description=\"\"\n\t\t\t\tdata-image-slug=\"pics_dsc06093\"\n\t\t\t\tclass=\"ngg-fancybox\" rel=\"1eee570d727ea86d4cb03ac0a69ac805\">\n\t\t\t\t<img\n\t\t\t\t\ttitle=\"pics_DSC06093\"\n\t\t\t\t\talt=\"pics_DSC06093\"\n\t\t\t\t\tsrc=\"https:\/\/www.musikpics.at\/wp-content\/gallery\/Martin-Klein%40Donaukanaltreiben\/cache\/pics_DSC06093.jpg-nggid041533-ngg0dyn-200x150x100-00f0w010c011r110f110r010t010.jpg\"\n\t\t\t\t\twidth=\"200\"\n\t\t\t\t\theight=\"150\"\n\t\t\t\t\tstyle=\"max-width:100%;\"\n\t\t\t\t\/>\n\t\t\t<\/a>\n\t\t<\/div>\n\t\t\t\t\t\t\t<\/div>\n\t\t\t\n\t\t\n\t\t\t\t<div id=\"ngg-image-3\" class=\"ngg-gallery-thumbnail-box\"\n\t\t\t\t\t\t\t\t\t\t\t>\n\t\t\t\t\t\t<div class=\"ngg-gallery-thumbnail\">\n\t\t\t<a href=\"https:\/\/www.musikpics.at\/wp-content\/gallery\/Martin-Klein%40Donaukanaltreiben\/pics_DSC06128.jpg\"\n\t\t\t\ttitle=\"\"\n\t\t\t\tdata-src=\"https:\/\/www.musikpics.at\/wp-content\/gallery\/Martin-Klein%40Donaukanaltreiben\/pics_DSC06128.jpg\"\n\t\t\t\tdata-thumbnail=\"https:\/\/www.musikpics.at\/wp-content\/gallery\/Martin-Klein%40Donaukanaltreiben\/thumbs\/thumbs_pics_DSC06128.jpg\"\n\t\t\t\tdata-image-id=\"1537\"\n\t\t\t\tdata-title=\"pics_DSC06128\"\n\t\t\t\tdata-description=\"\"\n\t\t\t\tdata-image-slug=\"pics_dsc06128\"\n\t\t\t\tclass=\"ngg-fancybox\" rel=\"1eee570d727ea86d4cb03ac0a69ac805\">\n\t\t\t\t<img\n\t\t\t\t\ttitle=\"pics_DSC06128\"\n\t\t\t\t\talt=\"pics_DSC06128\"\n\t\t\t\t\tsrc=\"https:\/\/www.musikpics.at\/wp-content\/gallery\/Martin-Klein%40Donaukanaltreiben\/cache\/pics_DSC06128.jpg-nggid041537-ngg0dyn-200x150x100-00f0w010c011r110f110r010t010.jpg\"\n\t\t\t\t\twidth=\"200\"\n\t\t\t\t\theight=\"150\"\n\t\t\t\t\tstyle=\"max-width:100%;\"\n\t\t\t\t\/>\n\t\t\t<\/a>\n\t\t<\/div>\n\t\t\t\t\t\t\t<\/div>\n\t\t\t\n\t\t\n\t\t\t\t<div id=\"ngg-image-4\" class=\"ngg-gallery-thumbnail-box\"\n\t\t\t\t\t\t\t\t\t\t\t>\n\t\t\t\t\t\t<div class=\"ngg-gallery-thumbnail\">\n\t\t\t<a href=\"https:\/\/www.musikpics.at\/wp-content\/gallery\/Martin-Klein%40Donaukanaltreiben\/pics_DSC06126.jpg\"\n\t\t\t\ttitle=\"\"\n\t\t\t\tdata-src=\"https:\/\/www.musikpics.at\/wp-content\/gallery\/Martin-Klein%40Donaukanaltreiben\/pics_DSC06126.jpg\"\n\t\t\t\tdata-thumbnail=\"https:\/\/www.musikpics.at\/wp-content\/gallery\/Martin-Klein%40Donaukanaltreiben\/thumbs\/thumbs_pics_DSC06126.jpg\"\n\t\t\t\tdata-image-id=\"1536\"\n\t\t\t\tdata-title=\"pics_DSC06126\"\n\t\t\t\tdata-description=\"\"\n\t\t\t\tdata-image-slug=\"pics_dsc06126\"\n\t\t\t\tclass=\"ngg-fancybox\" rel=\"1eee570d727ea86d4cb03ac0a69ac805\">\n\t\t\t\t<img\n\t\t\t\t\ttitle=\"pics_DSC06126\"\n\t\t\t\t\talt=\"pics_DSC06126\"\n\t\t\t\t\tsrc=\"https:\/\/www.musikpics.at\/wp-content\/gallery\/Martin-Klein%40Donaukanaltreiben\/cache\/pics_DSC06126.jpg-nggid041536-ngg0dyn-200x150x100-00f0w010c011r110f110r010t010.jpg\"\n\t\t\t\t\twidth=\"200\"\n\t\t\t\t\theight=\"150\"\n\t\t\t\t\tstyle=\"max-width:100%;\"\n\t\t\t\t\/>\n\t\t\t<\/a>\n\t\t<\/div>\n\t\t\t\t\t\t\t<\/div>\n\t\t\t\n\t\t\n\t\t\t\t<div id=\"ngg-image-5\" class=\"ngg-gallery-thumbnail-box\"\n\t\t\t\t\t\t\t\t\t\t\t>\n\t\t\t\t\t\t<div class=\"ngg-gallery-thumbnail\">\n\t\t\t<a href=\"https:\/\/www.musikpics.at\/wp-content\/gallery\/Martin-Klein%40Donaukanaltreiben\/pics_DSC06137.jpg\"\n\t\t\t\ttitle=\"\"\n\t\t\t\tdata-src=\"https:\/\/www.musikpics.at\/wp-content\/gallery\/Martin-Klein%40Donaukanaltreiben\/pics_DSC06137.jpg\"\n\t\t\t\tdata-thumbnail=\"https:\/\/www.musikpics.at\/wp-content\/gallery\/Martin-Klein%40Donaukanaltreiben\/thumbs\/thumbs_pics_DSC06137.jpg\"\n\t\t\t\tdata-image-id=\"1538\"\n\t\t\t\tdata-title=\"pics_DSC06137\"\n\t\t\t\tdata-description=\"\"\n\t\t\t\tdata-image-slug=\"pics_dsc06137\"\n\t\t\t\tclass=\"ngg-fancybox\" rel=\"1eee570d727ea86d4cb03ac0a69ac805\">\n\t\t\t\t<img\n\t\t\t\t\ttitle=\"pics_DSC06137\"\n\t\t\t\t\talt=\"pics_DSC06137\"\n\t\t\t\t\tsrc=\"https:\/\/www.musikpics.at\/wp-content\/gallery\/Martin-Klein%40Donaukanaltreiben\/cache\/pics_DSC06137.jpg-nggid041538-ngg0dyn-200x150x100-00f0w010c011r110f110r010t010.jpg\"\n\t\t\t\t\twidth=\"200\"\n\t\t\t\t\theight=\"150\"\n\t\t\t\t\tstyle=\"max-width:100%;\"\n\t\t\t\t\/>\n\t\t\t<\/a>\n\t\t<\/div>\n\t\t\t\t\t\t\t<\/div>\n\t\t\t\n\t\t\n\t\t\t\t<div id=\"ngg-image-6\" class=\"ngg-gallery-thumbnail-box\"\n\t\t\t\t\t\t\t\t\t\t\t>\n\t\t\t\t\t\t<div class=\"ngg-gallery-thumbnail\">\n\t\t\t<a href=\"https:\/\/www.musikpics.at\/wp-content\/gallery\/Martin-Klein%40Donaukanaltreiben\/pics_DSC06141.jpg\"\n\t\t\t\ttitle=\"\"\n\t\t\t\tdata-src=\"https:\/\/www.musikpics.at\/wp-content\/gallery\/Martin-Klein%40Donaukanaltreiben\/pics_DSC06141.jpg\"\n\t\t\t\tdata-thumbnail=\"https:\/\/www.musikpics.at\/wp-content\/gallery\/Martin-Klein%40Donaukanaltreiben\/thumbs\/thumbs_pics_DSC06141.jpg\"\n\t\t\t\tdata-image-id=\"1539\"\n\t\t\t\tdata-title=\"pics_DSC06141\"\n\t\t\t\tdata-description=\"\"\n\t\t\t\tdata-image-slug=\"pics_dsc06141\"\n\t\t\t\tclass=\"ngg-fancybox\" rel=\"1eee570d727ea86d4cb03ac0a69ac805\">\n\t\t\t\t<img\n\t\t\t\t\ttitle=\"pics_DSC06141\"\n\t\t\t\t\talt=\"pics_DSC06141\"\n\t\t\t\t\tsrc=\"https:\/\/www.musikpics.at\/wp-content\/gallery\/Martin-Klein%40Donaukanaltreiben\/cache\/pics_DSC06141.jpg-nggid041539-ngg0dyn-200x150x100-00f0w010c011r110f110r010t010.jpg\"\n\t\t\t\t\twidth=\"200\"\n\t\t\t\t\theight=\"150\"\n\t\t\t\t\tstyle=\"max-width:100%;\"\n\t\t\t\t\/>\n\t\t\t<\/a>\n\t\t<\/div>\n\t\t\t\t\t\t\t<\/div>\n\t\t\t\n\t\t\n\t\t\t\t<div id=\"ngg-image-7\" class=\"ngg-gallery-thumbnail-box\"\n\t\t\t\t\t\t\t\t\t\t\t>\n\t\t\t\t\t\t<div class=\"ngg-gallery-thumbnail\">\n\t\t\t<a href=\"https:\/\/www.musikpics.at\/wp-content\/gallery\/Martin-Klein%40Donaukanaltreiben\/pics_DSC06145.jpg\"\n\t\t\t\ttitle=\"\"\n\t\t\t\tdata-src=\"https:\/\/www.musikpics.at\/wp-content\/gallery\/Martin-Klein%40Donaukanaltreiben\/pics_DSC06145.jpg\"\n\t\t\t\tdata-thumbnail=\"https:\/\/www.musikpics.at\/wp-content\/gallery\/Martin-Klein%40Donaukanaltreiben\/thumbs\/thumbs_pics_DSC06145.jpg\"\n\t\t\t\tdata-image-id=\"1540\"\n\t\t\t\tdata-title=\"pics_DSC06145\"\n\t\t\t\tdata-description=\"\"\n\t\t\t\tdata-image-slug=\"pics_dsc06145\"\n\t\t\t\tclass=\"ngg-fancybox\" rel=\"1eee570d727ea86d4cb03ac0a69ac805\">\n\t\t\t\t<img\n\t\t\t\t\ttitle=\"pics_DSC06145\"\n\t\t\t\t\talt=\"pics_DSC06145\"\n\t\t\t\t\tsrc=\"https:\/\/www.musikpics.at\/wp-content\/gallery\/Martin-Klein%40Donaukanaltreiben\/cache\/pics_DSC06145.jpg-nggid041540-ngg0dyn-200x150x100-00f0w010c011r110f110r010t010.jpg\"\n\t\t\t\t\twidth=\"200\"\n\t\t\t\t\theight=\"150\"\n\t\t\t\t\tstyle=\"max-width:100%;\"\n\t\t\t\t\/>\n\t\t\t<\/a>\n\t\t<\/div>\n\t\t\t\t\t\t\t<\/div>\n\t\t\t\n\t\t\n\t\t\t\t<div id=\"ngg-image-8\" class=\"ngg-gallery-thumbnail-box\"\n\t\t\t\t\t\t\t\t\t\t\t>\n\t\t\t\t\t\t<div class=\"ngg-gallery-thumbnail\">\n\t\t\t<a href=\"https:\/\/www.musikpics.at\/wp-content\/gallery\/Martin-Klein%40Donaukanaltreiben\/pics_DSC06152.jpg\"\n\t\t\t\ttitle=\"\"\n\t\t\t\tdata-src=\"https:\/\/www.musikpics.at\/wp-content\/gallery\/Martin-Klein%40Donaukanaltreiben\/pics_DSC06152.jpg\"\n\t\t\t\tdata-thumbnail=\"https:\/\/www.musikpics.at\/wp-content\/gallery\/Martin-Klein%40Donaukanaltreiben\/thumbs\/thumbs_pics_DSC06152.jpg\"\n\t\t\t\tdata-image-id=\"1541\"\n\t\t\t\tdata-title=\"pics_DSC06152\"\n\t\t\t\tdata-description=\"\"\n\t\t\t\tdata-image-slug=\"pics_dsc06152\"\n\t\t\t\tclass=\"ngg-fancybox\" rel=\"1eee570d727ea86d4cb03ac0a69ac805\">\n\t\t\t\t<img\n\t\t\t\t\ttitle=\"pics_DSC06152\"\n\t\t\t\t\talt=\"pics_DSC06152\"\n\t\t\t\t\tsrc=\"https:\/\/www.musikpics.at\/wp-content\/gallery\/Martin-Klein%40Donaukanaltreiben\/cache\/pics_DSC06152.jpg-nggid041541-ngg0dyn-200x150x100-00f0w010c011r110f110r010t010.jpg\"\n\t\t\t\t\twidth=\"200\"\n\t\t\t\t\theight=\"150\"\n\t\t\t\t\tstyle=\"max-width:100%;\"\n\t\t\t\t\/>\n\t\t\t<\/a>\n\t\t<\/div>\n\t\t\t\t\t\t\t<\/div>\n\t\t\t\n\t\t\n\t\t\t\t<div id=\"ngg-image-9\" class=\"ngg-gallery-thumbnail-box\"\n\t\t\t\t\t\t\t\t\t\t\t>\n\t\t\t\t\t\t<div class=\"ngg-gallery-thumbnail\">\n\t\t\t<a href=\"https:\/\/www.musikpics.at\/wp-content\/gallery\/Martin-Klein%40Donaukanaltreiben\/pics_DSC06165.jpg\"\n\t\t\t\ttitle=\"\"\n\t\t\t\tdata-src=\"https:\/\/www.musikpics.at\/wp-content\/gallery\/Martin-Klein%40Donaukanaltreiben\/pics_DSC06165.jpg\"\n\t\t\t\tdata-thumbnail=\"https:\/\/www.musikpics.at\/wp-content\/gallery\/Martin-Klein%40Donaukanaltreiben\/thumbs\/thumbs_pics_DSC06165.jpg\"\n\t\t\t\tdata-image-id=\"1542\"\n\t\t\t\tdata-title=\"pics_DSC06165\"\n\t\t\t\tdata-description=\"\"\n\t\t\t\tdata-image-slug=\"pics_dsc06165\"\n\t\t\t\tclass=\"ngg-fancybox\" rel=\"1eee570d727ea86d4cb03ac0a69ac805\">\n\t\t\t\t<img\n\t\t\t\t\ttitle=\"pics_DSC06165\"\n\t\t\t\t\talt=\"pics_DSC06165\"\n\t\t\t\t\tsrc=\"https:\/\/www.musikpics.at\/wp-content\/gallery\/Martin-Klein%40Donaukanaltreiben\/cache\/pics_DSC06165.jpg-nggid041542-ngg0dyn-200x150x100-00f0w010c011r110f110r010t010.jpg\"\n\t\t\t\t\twidth=\"200\"\n\t\t\t\t\theight=\"150\"\n\t\t\t\t\tstyle=\"max-width:100%;\"\n\t\t\t\t\/>\n\t\t\t<\/a>\n\t\t<\/div>\n\t\t\t\t\t\t\t<\/div>\n\t\t\t\n\t\t\n\t\t\n\t\t<!-- Pagination -->\n\t\t<div class='ngg-clear'><\/div>\t<\/div>\n<\/p>\n<div class=\"fcbkbttn_buttons_block\" id=\"fcbkbttn_left\"><div class=\"fcbkbttn_like fcbkbttn_large_button\"><fb:like href=\"https:\/\/www.musikpics.at\/?p=5164\" action=\"like\" colorscheme=\"light\" layout=\"standard\"  width=\"225px\" size=\"large\"><\/fb:like><\/div><\/div>","protected":false},"excerpt":{"rendered":"<p>Martin Klein beim Donaukanaltreiben 2016 | Summerstage, 29.5.2016 Die B\u00fchne [&hellip;]<\/p>\n","protected":false},"author":3,"featured_media":5166,"comment_status":"open","ping_status":"open","sticky":false,"template":"","format":"standard","meta":{"ngg_post_thumbnail":0,"_jetpack_memberships_contains_paid_content":false,"footnotes":""},"categories":[1,45,6],"tags":[123,124],"class_list":["post-5164","post","type-post","status-publish","format-standard","has-post-thumbnail","hentry","category-allgemein","category-fotos","category-welike","tag-martin-klein","tag-summerstage"],"jetpack_featured_media_url":"https:\/\/www.musikpics.at\/wp-content\/uploads\/ngg_featured\/pics_DSC06093.jpg","jetpack_sharing_enabled":true,"_links":{"self":[{"href":"https:\/\/www.musikpics.at\/index.php?rest_route=\/wp\/v2\/posts\/5164","targetHints":{"allow":["GET"]}}],"collection":[{"href":"https:\/\/www.musikpics.at\/index.php?rest_route=\/wp\/v2\/posts"}],"about":[{"href":"https:\/\/www.musikpics.at\/index.php?rest_route=\/wp\/v2\/types\/post"}],"author":[{"embeddable":true,"href":"https:\/\/www.musikpics.at\/index.php?rest_route=\/wp\/v2\/users\/3"}],"replies":[{"embeddable":true,"href":"https:\/\/www.musikpics.at\/index.php?rest_route=%2Fwp%2Fv2%2Fcomments&post=5164"}],"version-history":[{"count":3,"href":"https:\/\/www.musikpics.at\/index.php?rest_route=\/wp\/v2\/posts\/5164\/revisions"}],"predecessor-version":[{"id":5221,"href":"https:\/\/www.musikpics.at\/index.php?rest_route=\/wp\/v2\/posts\/5164\/revisions\/5221"}],"wp:featuredmedia":[{"embeddable":true,"href":"https:\/\/www.musikpics.at\/index.php?rest_route=\/wp\/v2\/media\/5166"}],"wp:attachment":[{"href":"https:\/\/www.musikpics.at\/index.php?rest_route=%2Fwp%2Fv2%2Fmedia&parent=5164"}],"wp:term":[{"taxonomy":"category","embeddable":true,"href":"https:\/\/www.musikpics.at\/index.php?rest_route=%2Fwp%2Fv2%2Fcategories&post=5164"},{"taxonomy":"post_tag","embeddable":true,"href":"https:\/\/www.musikpics.at\/index.php?rest_route=%2Fwp%2Fv2%2Ftags&post=5164"}],"curies":[{"name":"wp","href":"https:\/\/api.w.org\/{rel}","templated":true}]}}