{"id":8052,"date":"2017-07-02T22:20:22","date_gmt":"2017-07-02T20:20:22","guid":{"rendered":"http:\/\/www.musikpics.at\/?p=8052"},"modified":"2017-07-02T22:37:01","modified_gmt":"2017-07-02T20:37:01","slug":"8052","status":"publish","type":"post","link":"https:\/\/www.musikpics.at\/?p=8052","title":{"rendered":"Martin Klein"},"content":{"rendered":"<p>Jazzfest Wien. Summerstage. 29.6.2017.<br \/>\nMartin Klein im Trio mit Sixtus Preiss am Schlagzeug und Clemens Salesny am Saxophon.<br \/>\nIm Hintergrund &#8211; gr\u00f6\u00dfer als die drei Musiker &#8211; ein Bildschirm, auf dem das Fu\u00dfballspiel Deutschland &#8211; Mexiko zu sehen ist. Wir wundern uns, nein, wir k\u00f6nnen es kaum fassen. Wir k\u00f6nnten jetzt eine Abhandlung \u00fcber diese Kuriosit\u00e4t und die Wertsch\u00e4tzung der Summerstage den Musikern gegen\u00fcber schreiben. Wir lassen es, denn Martin Klein nimmt&#8217;s mit Humor und verpackt es spontan in seine Texte. Gut war&#8217;s, das neue Trio um Martin Klein! Wir m\u00fcssen dann auch dar\u00fcber lachen.&nbsp;<br \/>\nWir h\u00f6ren seine Musik trotzdem lieber in einem anderen Ambiente &#8230;&nbsp;<\/p>\nngg_shortcode_0_placeholder\n<div class=\"fcbkbttn_buttons_block\" id=\"fcbkbttn_left\"><div class=\"fcbkbttn_like fcbkbttn_large_button\"><fb:like href=\"https:\/\/www.musikpics.at\/?p=8052\" action=\"like\" colorscheme=\"light\" layout=\"standard\"  width=\"225px\" size=\"large\"><\/fb:like><\/div><\/div>","protected":false},"excerpt":{"rendered":"<p>Jazzfest Wien. Summerstage. 29.6.2017. Martin Klein im Trio mit Sixtus [&hellip;]<\/p>\n","protected":false},"author":2,"featured_media":8113,"comment_status":"open","ping_status":"open","sticky":false,"template":"","format":"standard","meta":{"ngg_post_thumbnail":0,"_jetpack_memberships_contains_paid_content":false,"footnotes":""},"categories":[1,45,6],"tags":[216,123,215,124],"class_list":["post-8052","post","type-post","status-publish","format-standard","has-post-thumbnail","hentry","category-allgemein","category-fotos","category-welike","tag-clemens-salesny","tag-martin-klein","tag-sixtus-preiss","tag-summerstage"],"jetpack_featured_media_url":"https:\/\/www.musikpics.at\/wp-content\/uploads\/ngg_featured\/ex_DSC00344.jpg","jetpack_sharing_enabled":true,"_links":{"self":[{"href":"https:\/\/www.musikpics.at\/index.php?rest_route=\/wp\/v2\/posts\/8052","targetHints":{"allow":["GET"]}}],"collection":[{"href":"https:\/\/www.musikpics.at\/index.php?rest_route=\/wp\/v2\/posts"}],"about":[{"href":"https:\/\/www.musikpics.at\/index.php?rest_route=\/wp\/v2\/types\/post"}],"author":[{"embeddable":true,"href":"https:\/\/www.musikpics.at\/index.php?rest_route=\/wp\/v2\/users\/2"}],"replies":[{"embeddable":true,"href":"https:\/\/www.musikpics.at\/index.php?rest_route=%2Fwp%2Fv2%2Fcomments&post=8052"}],"version-history":[{"count":6,"href":"https:\/\/www.musikpics.at\/index.php?rest_route=\/wp\/v2\/posts\/8052\/revisions"}],"predecessor-version":[{"id":8112,"href":"https:\/\/www.musikpics.at\/index.php?rest_route=\/wp\/v2\/posts\/8052\/revisions\/8112"}],"wp:featuredmedia":[{"embeddable":true,"href":"https:\/\/www.musikpics.at\/index.php?rest_route=\/wp\/v2\/media\/8113"}],"wp:attachment":[{"href":"https:\/\/www.musikpics.at\/index.php?rest_route=%2Fwp%2Fv2%2Fmedia&parent=8052"}],"wp:term":[{"taxonomy":"category","embeddable":true,"href":"https:\/\/www.musikpics.at\/index.php?rest_route=%2Fwp%2Fv2%2Fcategories&post=8052"},{"taxonomy":"post_tag","embeddable":true,"href":"https:\/\/www.musikpics.at\/index.php?rest_route=%2Fwp%2Fv2%2Ftags&post=8052"}],"curies":[{"name":"wp","href":"https:\/\/api.w.org\/{rel}","templated":true}]}}