{"id":9823,"date":"2017-12-18T18:51:34","date_gmt":"2017-12-18T17:51:34","guid":{"rendered":"http:\/\/www.musikpics.at\/?p=9823"},"modified":"2017-12-18T19:46:46","modified_gmt":"2017-12-18T18:46:46","slug":"liederabend","status":"publish","type":"post","link":"https:\/\/www.musikpics.at\/?p=9823","title":{"rendered":"Liederabend"},"content":{"rendered":"<p>Liederabend | Strenge Kammer &#8211; Porgy&amp;Bess, 17.12.2017<\/p>\n<p><a href=\"https:\/\/www.facebook.com\/lukas.kranzelbinder\" target=\"_blank\" rel=\"noopener\">Lukas Kranzelbinder<\/a> und <a href=\"https:\/\/www.facebook.com\/benny.omerzell\" target=\"_blank\" rel=\"noopener\">Benny Omerzell<\/a> begleiteten <a href=\"https:\/\/www.facebook.com\/eva.klampfer.7\" target=\"_blank\" rel=\"noopener\">Eva Klampfer<\/a>, <a href=\"https:\/\/www.facebook.com\/bobby.slivovsky\" target=\"_blank\" rel=\"noopener\">Slivo Slivovsky<\/a>, <a href=\"http:\/\/www.oskaraichinger.at\" target=\"_blank\" rel=\"noopener\">Oskar Aichinger<\/a>, <a href=\"http:\/\/www.triolepschi.at\/martin-zrost.htm\" target=\"_blank\" rel=\"noopener\">Martin Zrost<\/a>, <a href=\"https:\/\/www.facebook.com\/martin.schiske\" target=\"_blank\" rel=\"noopener\">Martin Schiske<\/a>, <a href=\"https:\/\/www.facebook.com\/tini.trampler\" target=\"_blank\" rel=\"noopener\">Tini Trampler<\/a> und <a href=\"http:\/\/www.helmutbohatsch.net\" target=\"_blank\" rel=\"noopener\">Helmut Bohatsch<\/a> bei ihren Lieblingsliedern. F\u00fcr \u00dcberraschungen war gesorgt, ein emotionaler und hoffentlich spendenfreudiger Abend. Der Erl\u00f6s des Abends geht an den <a href=\"https:\/\/www.facebook.com\/TheaterfluchtOsterreich\/\" target=\"_blank\" rel=\"noopener\">Verein Theaterflucht<\/a>.&nbsp;<\/p>\nngg_shortcode_0_placeholder\n<div class=\"fcbkbttn_buttons_block\" id=\"fcbkbttn_left\"><div class=\"fcbkbttn_like fcbkbttn_large_button\"><fb:like href=\"https:\/\/www.musikpics.at\/?p=9823\" action=\"like\" colorscheme=\"light\" layout=\"standard\"  width=\"225px\" size=\"large\"><\/fb:like><\/div><\/div>","protected":false},"excerpt":{"rendered":"<p>Liederabend | Strenge Kammer &#8211; Porgy&amp;Bess, 17.12.2017 Lukas Kranzelbinder und [&hellip;]<\/p>\n","protected":false},"author":3,"featured_media":9827,"comment_status":"open","ping_status":"open","sticky":false,"template":"","format":"standard","meta":{"ngg_post_thumbnail":0,"_jetpack_memberships_contains_paid_content":false,"footnotes":""},"categories":[1,45,6],"tags":[237,278,271,273,185,277,276,275,272,274,279,149],"class_list":["post-9823","post","type-post","status-publish","format-standard","has-post-thumbnail","hentry","category-allgemein","category-fotos","category-welike","tag-benny-omerzell","tag-helmut-bohatsch","tag-liederabend","tag-lukas-kranzlbinder","tag-lylit","tag-martin-schiske","tag-martin-zrost","tag-oskar-aichinger","tag-porgybess","tag-slivo-slivovsky","tag-theaterflucht","tag-tini-trampler"],"jetpack_featured_media_url":"https:\/\/www.musikpics.at\/wp-content\/uploads\/2017\/12\/RL_DSC08813.jpg","jetpack_sharing_enabled":true,"_links":{"self":[{"href":"https:\/\/www.musikpics.at\/index.php?rest_route=\/wp\/v2\/posts\/9823","targetHints":{"allow":["GET"]}}],"collection":[{"href":"https:\/\/www.musikpics.at\/index.php?rest_route=\/wp\/v2\/posts"}],"about":[{"href":"https:\/\/www.musikpics.at\/index.php?rest_route=\/wp\/v2\/types\/post"}],"author":[{"embeddable":true,"href":"https:\/\/www.musikpics.at\/index.php?rest_route=\/wp\/v2\/users\/3"}],"replies":[{"embeddable":true,"href":"https:\/\/www.musikpics.at\/index.php?rest_route=%2Fwp%2Fv2%2Fcomments&post=9823"}],"version-history":[{"count":8,"href":"https:\/\/www.musikpics.at\/index.php?rest_route=\/wp\/v2\/posts\/9823\/revisions"}],"predecessor-version":[{"id":9832,"href":"https:\/\/www.musikpics.at\/index.php?rest_route=\/wp\/v2\/posts\/9823\/revisions\/9832"}],"wp:featuredmedia":[{"embeddable":true,"href":"https:\/\/www.musikpics.at\/index.php?rest_route=\/wp\/v2\/media\/9827"}],"wp:attachment":[{"href":"https:\/\/www.musikpics.at\/index.php?rest_route=%2Fwp%2Fv2%2Fmedia&parent=9823"}],"wp:term":[{"taxonomy":"category","embeddable":true,"href":"https:\/\/www.musikpics.at\/index.php?rest_route=%2Fwp%2Fv2%2Fcategories&post=9823"},{"taxonomy":"post_tag","embeddable":true,"href":"https:\/\/www.musikpics.at\/index.php?rest_route=%2Fwp%2Fv2%2Ftags&post=9823"}],"curies":[{"name":"wp","href":"https:\/\/api.w.org\/{rel}","templated":true}]}}